{"id":12443,"date":"2017-02-24T09:37:34","date_gmt":"2017-02-24T08:37:34","guid":{"rendered":"http:\/\/www.gailmilissagrant.com\/?p=12443"},"modified":"2021-11-10T12:05:24","modified_gmt":"2021-11-10T11:05:24","slug":"un-vigneto-concettuale","status":"publish","type":"post","link":"https:\/\/gailmilissagrant.com\/it\/un-vigneto-concettuale\/","title":{"rendered":"Un vigneto concettuale"},"content":{"rendered":"<p>Mi capita raramente di non avere niente da dire, ma l\u2019esperienza che ho fatto la settimana scorsa mi ha lasciata davvero senza parole.<\/p>\n<p>Un vigneto fuori Roma, situato sul ramo orientale del Lazio, vicino all\u2019Umbria, cos\u00ec particolare e straordinario, e cos\u00ec ricco di magia e poesia, che \u00e8\u00a0 difficile da descrivere.<\/p>\n<p>Noemia e Paolo d\u2019Amico sono i creatori di questo vigneto \u201cconcettuale\u201d che ovunque ti volti \u00e8 una festa per gli occhi, e alla fine ti premia anche con vini squisiti.<\/p>\n<p><img decoding=\"async\" class=\"alignleft wp-image-12401\" title=\"paolo e noemi d'amico\" src=\"http:\/\/www.gailmilissagrant.com\/wp-content\/uploads\/2016\/11\/paolo-e-noemi-d-amico-vigna-1024x686.jpg\" alt=\"paolo e noemi d'amico\" width=\"450\" height=\"301\" srcset=\"https:\/\/gailmilissagrant.com\/it\/wp-content\/uploads\/2016\/11\/paolo-e-noemi-d-amico-vigna-200x134.jpg 200w, https:\/\/gailmilissagrant.com\/it\/wp-content\/uploads\/2016\/11\/paolo-e-noemi-d-amico-vigna-300x201.jpg 300w, https:\/\/gailmilissagrant.com\/it\/wp-content\/uploads\/2016\/11\/paolo-e-noemi-d-amico-vigna-400x268.jpg 400w, https:\/\/gailmilissagrant.com\/it\/wp-content\/uploads\/2016\/11\/paolo-e-noemi-d-amico-vigna-600x402.jpg 600w, https:\/\/gailmilissagrant.com\/it\/wp-content\/uploads\/2016\/11\/paolo-e-noemi-d-amico-vigna-768x515.jpg 768w, https:\/\/gailmilissagrant.com\/it\/wp-content\/uploads\/2016\/11\/paolo-e-noemi-d-amico-vigna-800x536.jpg 800w, https:\/\/gailmilissagrant.com\/it\/wp-content\/uploads\/2016\/11\/paolo-e-noemi-d-amico-vigna-1024x686.jpg 1024w, https:\/\/gailmilissagrant.com\/it\/wp-content\/uploads\/2016\/11\/paolo-e-noemi-d-amico-vigna.jpg 1200w\" sizes=\"(max-width: 450px) 100vw, 450px\" \/>Entri e ti ritrovi subito in un curatissimo giardino ornato da una eclettica collezione\u00a0 di sculture. Da l\u00ec ti inoltri su una passerella coperta di tralicci che, fiancheggiata su entrambi i lati da specchi d\u2019acqua, \u00a0ti conduce verso una sorridente cameriera che ti offre succo di mirtillo ghiacciato e dissetante acqua fresca.Ti volti a destra e vedi un ampio prato attrezzato con candidi ombrelloni bianchi abbinati a divani super imbottiti che si affacciano su una cresta di montagna che sembra la Grande Muraglia cinese in miniatura. E non scherzo! Poi, a seguireuna visita della casa, in affitto, con le sue sei camere da letto ( i salotti ho smesso di contarli dopo il terzo), i camini accesi e le candele sparse ovunque.<\/p>\n<p><img decoding=\"async\" class=\"aligncenter wp-image-12400 size-large\" title=\"paolo e noemi d'amico\" src=\"http:\/\/www.gailmilissagrant.com\/wp-content\/uploads\/2016\/11\/paolo-e-noemi-d-amico-vineyard-1024x686.jpg\" alt=\"paolo e noemi d'amico vigneti\" width=\"1024\" height=\"686\" srcset=\"https:\/\/gailmilissagrant.com\/it\/wp-content\/uploads\/2016\/11\/paolo-e-noemi-d-amico-vineyard-200x134.jpg 200w, https:\/\/gailmilissagrant.com\/it\/wp-content\/uploads\/2016\/11\/paolo-e-noemi-d-amico-vineyard-300x201.jpg 300w, https:\/\/gailmilissagrant.com\/it\/wp-content\/uploads\/2016\/11\/paolo-e-noemi-d-amico-vineyard-400x268.jpg 400w, https:\/\/gailmilissagrant.com\/it\/wp-content\/uploads\/2016\/11\/paolo-e-noemi-d-amico-vineyard-600x402.jpg 600w, https:\/\/gailmilissagrant.com\/it\/wp-content\/uploads\/2016\/11\/paolo-e-noemi-d-amico-vineyard-768x515.jpg 768w, https:\/\/gailmilissagrant.com\/it\/wp-content\/uploads\/2016\/11\/paolo-e-noemi-d-amico-vineyard-800x536.jpg 800w, https:\/\/gailmilissagrant.com\/it\/wp-content\/uploads\/2016\/11\/paolo-e-noemi-d-amico-vineyard-1024x686.jpg 1024w, https:\/\/gailmilissagrant.com\/it\/wp-content\/uploads\/2016\/11\/paolo-e-noemi-d-amico-vineyard.jpg 1200w\" sizes=\"(max-width: 1024px) 100vw, 1024px\" \/><\/p>\n<p>Visite facoltative comprendevano la piscina coperta, il bagno turco, la sauna e la palestra. Oltre alla Spa e al salone di bellezza, con i servizi su richiesta.<\/p>\n<p>E poi, ecco che arriva la cantina vera e propria, il motivo principale della mia visita. Uno scintillante corridoio piastrellato, abbracciato sui due lati da botti in quercia e ferro e coperto da tappeti di fabbricazione locale, ti conduce a un\u2019accogliente biblioteca ubicata su due livelli. Qui mi sono subito immaginata accoccolata su una\u00a0delle morbide e avvolgenti poltrone con un bicchiere di vino in una mano e con, o \u00a0senza, un libro nell\u2019altra. Poi ancora candele e luci soffuse ovunque, e la voce di Maria Callas che ti raggiunge in ogni angolo.<\/p>\n<p>Ma tutto ci\u00f2 non \u00e8 che la premessa al vero e proprio assaggio dei vini, che avviene in un\u2019altra stanza ancora, e a lume di candela. Inoltre, quel giorno, io e il mio amico eravamo gli unici degustatori presenti. Dire che i vini \u00a0che ho assaggiato, due bianchi ( entrambi Chardonnay) e due rossi ( un Pinot Noir e un Cabernet Franc), erano eccellenti, \u00e8 dire poco.<img decoding=\"async\" class=\"alignleft size-full wp-image-12398\" src=\"http:\/\/www.gailmilissagrant.com\/wp-content\/uploads\/2016\/11\/paolo-e-noemi-d-amico-vineyard-tasting-room.jpg\" alt=\"\" width=\"900\" height=\"614\" srcset=\"https:\/\/gailmilissagrant.com\/it\/wp-content\/uploads\/2016\/11\/paolo-e-noemi-d-amico-vineyard-tasting-room-200x136.jpg 200w, https:\/\/gailmilissagrant.com\/it\/wp-content\/uploads\/2016\/11\/paolo-e-noemi-d-amico-vineyard-tasting-room-300x205.jpg 300w, https:\/\/gailmilissagrant.com\/it\/wp-content\/uploads\/2016\/11\/paolo-e-noemi-d-amico-vineyard-tasting-room-400x273.jpg 400w, https:\/\/gailmilissagrant.com\/it\/wp-content\/uploads\/2016\/11\/paolo-e-noemi-d-amico-vineyard-tasting-room-600x409.jpg 600w, https:\/\/gailmilissagrant.com\/it\/wp-content\/uploads\/2016\/11\/paolo-e-noemi-d-amico-vineyard-tasting-room-768x524.jpg 768w, https:\/\/gailmilissagrant.com\/it\/wp-content\/uploads\/2016\/11\/paolo-e-noemi-d-amico-vineyard-tasting-room-800x546.jpg 800w, https:\/\/gailmilissagrant.com\/it\/wp-content\/uploads\/2016\/11\/paolo-e-noemi-d-amico-vineyard-tasting-room.jpg 900w\" sizes=\"(max-width: 900px) 100vw, 900px\" \/><\/p>\n<p>Mentre ce ne andavamo, la nostra incantevole accompagnatrice, Pilar, ci ha segnalato dei rosai rossi posti alla fine di ciascuna fila di vini: un tempo preziosi segnalatori di una malattia distruttiva per le viti, oggi vengono utilizzati solo in omaggio al ruolo cruciale che svolgevano un tempo. Di sicuro i vinificatori e gli appassionati di vini\u00a0 conoscono bene \u00a0questa tradizione, ma io non ne sapevo assolutamente nulla.<\/p>\n<p>Per me quei rosai non erano che la perfetta nota di grazia finale \u00a0di un\u00a0 indimenticabile \u00a0pomeriggio trascorso tra le colline del Lazio.<\/p>\n<p>Se volete, potete visitare il sito web <a href=\"http:\/\/paoloenoemidamico.it\/\">http:\/\/paoloenoemidamico.it\/<\/a> per un tour virtuale, anche se l\u2019esperienza fatta di persona non ha confronti. Buon viaggio!<\/p>\n<p>Per un assaggio virtuale del premiato Pinot Noir di questo vigneto, guardate l\u201911\u00b0episodio\u00a0 di \u201cThe Wine Show\u201d della BBC sul sito <a href=\"http:\/\/thewineshow.com\/uk\/\">http:\/\/thewineshow.com\/uk\/<\/a>.<\/p>\n<p>&nbsp;<\/p>\n","protected":false},"excerpt":{"rendered":"<p>Mi capita raramente di non avere niente da dire, ma l\u2019esperienza che ho fatto la settimana scorsa mi ha lasciata davvero senza parole. Un vigneto fuori Roma, situato sul ramo orientale del Lazio, vicino all\u2019Umbria, cos\u00ec particolare e straordinario, e cos\u00ec ricco di magia e poesia, che \u00e8\u00a0 difficile da descrivere. Noemia e Paolo d\u2019Amico [&hellip;]<\/p>\n","protected":false},"author":2,"featured_media":12399,"comment_status":"open","ping_status":"closed","sticky":false,"template":"","format":"standard","meta":{"footnotes":""},"categories":[84],"tags":[],"class_list":["post-12443","post","type-post","status-publish","format-standard","has-post-thumbnail","hentry","category-italy"],"yoast_head":"<!-- This site is optimized with the Yoast SEO plugin v25.4 - https:\/\/yoast.com\/wordpress\/plugins\/seo\/ -->\n<title>A concept vineyard. Noemia e Paolo d\u2019Amico, wine makers<\/title>\n<meta name=\"description\" content=\"A vineyard outside of Rome in Umbria, so special, so breathtaking, and filled with so much magic and poetry that it is hard to describe.\" \/>\n<meta name=\"robots\" content=\"index, follow, max-snippet:-1, max-image-preview:large, max-video-preview:-1\" \/>\n<link rel=\"canonical\" href=\"https:\/\/gailmilissagrant.com\/it\/un-vigneto-concettuale\/\" \/>\n<meta property=\"og:locale\" content=\"it_IT\" \/>\n<meta property=\"og:type\" content=\"article\" \/>\n<meta property=\"og:title\" content=\"A concept vineyard. Noemia e Paolo d\u2019Amico, wine makers\" \/>\n<meta property=\"og:description\" content=\"A vineyard outside of Rome in Umbria, so special, so breathtaking, and filled with so much magic and poetry that it is hard to describe.\" \/>\n<meta property=\"og:url\" content=\"https:\/\/gailmilissagrant.com\/it\/un-vigneto-concettuale\/\" \/>\n<meta property=\"og:site_name\" content=\"Gail Milissa Grant\" \/>\n<meta property=\"article:published_time\" content=\"2017-02-24T08:37:34+00:00\" \/>\n<meta property=\"article:modified_time\" content=\"2021-11-10T11:05:24+00:00\" \/>\n<meta property=\"og:image\" content=\"https:\/\/gailmilissagrant.com\/it\/wp-content\/uploads\/2016\/11\/paolo-e-noemi-d-amico-vineyard-umbria.jpg\" \/>\n\t<meta property=\"og:image:width\" content=\"900\" \/>\n\t<meta property=\"og:image:height\" content=\"675\" \/>\n\t<meta property=\"og:image:type\" content=\"image\/jpeg\" \/>\n<meta name=\"author\" content=\"Milissa\" \/>\n<meta name=\"twitter:card\" content=\"summary_large_image\" \/>\n<meta name=\"twitter:label1\" content=\"Scritto da\" \/>\n\t<meta name=\"twitter:data1\" content=\"Milissa\" \/>\n\t<meta name=\"twitter:label2\" content=\"Tempo di lettura stimato\" \/>\n\t<meta name=\"twitter:data2\" content=\"3 minuti\" \/>\n<script type=\"application\/ld+json\" class=\"yoast-schema-graph\">{\"@context\":\"https:\/\/schema.org\",\"@graph\":[{\"@type\":\"WebPage\",\"@id\":\"https:\/\/gailmilissagrant.com\/it\/un-vigneto-concettuale\/\",\"url\":\"https:\/\/gailmilissagrant.com\/it\/un-vigneto-concettuale\/\",\"name\":\"A concept vineyard. Noemia e Paolo d\u2019Amico, wine makers\",\"isPartOf\":{\"@id\":\"https:\/\/gailmilissagrant.com\/it\/#website\"},\"primaryImageOfPage\":{\"@id\":\"https:\/\/gailmilissagrant.com\/it\/un-vigneto-concettuale\/#primaryimage\"},\"image\":{\"@id\":\"https:\/\/gailmilissagrant.com\/it\/un-vigneto-concettuale\/#primaryimage\"},\"thumbnailUrl\":\"https:\/\/gailmilissagrant.com\/it\/wp-content\/uploads\/2016\/11\/paolo-e-noemi-d-amico-vineyard-umbria.jpg\",\"datePublished\":\"2017-02-24T08:37:34+00:00\",\"dateModified\":\"2021-11-10T11:05:24+00:00\",\"author\":{\"@id\":\"https:\/\/gailmilissagrant.com\/it\/#\/schema\/person\/7fca2a8302639055f68468d94c8ac1ea\"},\"description\":\"A vineyard outside of Rome in Umbria, so special, so breathtaking, and filled with so much magic and poetry that it is hard to describe.\",\"breadcrumb\":{\"@id\":\"https:\/\/gailmilissagrant.com\/it\/un-vigneto-concettuale\/#breadcrumb\"},\"inLanguage\":\"it-IT\",\"potentialAction\":[{\"@type\":\"ReadAction\",\"target\":[\"https:\/\/gailmilissagrant.com\/it\/un-vigneto-concettuale\/\"]}]},{\"@type\":\"ImageObject\",\"inLanguage\":\"it-IT\",\"@id\":\"https:\/\/gailmilissagrant.com\/it\/un-vigneto-concettuale\/#primaryimage\",\"url\":\"https:\/\/gailmilissagrant.com\/it\/wp-content\/uploads\/2016\/11\/paolo-e-noemi-d-amico-vineyard-umbria.jpg\",\"contentUrl\":\"https:\/\/gailmilissagrant.com\/it\/wp-content\/uploads\/2016\/11\/paolo-e-noemi-d-amico-vineyard-umbria.jpg\",\"width\":900,\"height\":675,\"caption\":\"a concept vineyard\"},{\"@type\":\"BreadcrumbList\",\"@id\":\"https:\/\/gailmilissagrant.com\/it\/un-vigneto-concettuale\/#breadcrumb\",\"itemListElement\":[{\"@type\":\"ListItem\",\"position\":1,\"name\":\"Home\",\"item\":\"https:\/\/gailmilissagrant.com\/it\/\"},{\"@type\":\"ListItem\",\"position\":2,\"name\":\"Un vigneto concettuale\"}]},{\"@type\":\"WebSite\",\"@id\":\"https:\/\/gailmilissagrant.com\/it\/#website\",\"url\":\"https:\/\/gailmilissagrant.com\/it\/\",\"name\":\"Gail Milissa Grant\",\"description\":\"Author, speaker and blogger\",\"potentialAction\":[{\"@type\":\"SearchAction\",\"target\":{\"@type\":\"EntryPoint\",\"urlTemplate\":\"https:\/\/gailmilissagrant.com\/it\/?s={search_term_string}\"},\"query-input\":{\"@type\":\"PropertyValueSpecification\",\"valueRequired\":true,\"valueName\":\"search_term_string\"}}],\"inLanguage\":\"it-IT\"},{\"@type\":\"Person\",\"@id\":\"https:\/\/gailmilissagrant.com\/it\/#\/schema\/person\/7fca2a8302639055f68468d94c8ac1ea\",\"name\":\"Milissa\",\"image\":{\"@type\":\"ImageObject\",\"inLanguage\":\"it-IT\",\"@id\":\"https:\/\/gailmilissagrant.com\/it\/#\/schema\/person\/image\/\",\"url\":\"https:\/\/secure.gravatar.com\/avatar\/28775f02e7dde83bcc87b7f9e91df2bc3263c5919dccd1c1e1f6b81c3689617c?s=96&d=mm&r=g\",\"contentUrl\":\"https:\/\/secure.gravatar.com\/avatar\/28775f02e7dde83bcc87b7f9e91df2bc3263c5919dccd1c1e1f6b81c3689617c?s=96&d=mm&r=g\",\"caption\":\"Milissa\"},\"url\":\"https:\/\/gailmilissagrant.com\/it\/author\/milissa\/\"}]}<\/script>\n<!-- \/ Yoast SEO plugin. -->","yoast_head_json":{"title":"A concept vineyard. Noemia e Paolo d\u2019Amico, wine makers","description":"A vineyard outside of Rome in Umbria, so special, so breathtaking, and filled with so much magic and poetry that it is hard to describe.","robots":{"index":"index","follow":"follow","max-snippet":"max-snippet:-1","max-image-preview":"max-image-preview:large","max-video-preview":"max-video-preview:-1"},"canonical":"https:\/\/gailmilissagrant.com\/it\/un-vigneto-concettuale\/","og_locale":"it_IT","og_type":"article","og_title":"A concept vineyard. Noemia e Paolo d\u2019Amico, wine makers","og_description":"A vineyard outside of Rome in Umbria, so special, so breathtaking, and filled with so much magic and poetry that it is hard to describe.","og_url":"https:\/\/gailmilissagrant.com\/it\/un-vigneto-concettuale\/","og_site_name":"Gail Milissa Grant","article_published_time":"2017-02-24T08:37:34+00:00","article_modified_time":"2021-11-10T11:05:24+00:00","og_image":[{"width":900,"height":675,"url":"https:\/\/gailmilissagrant.com\/it\/wp-content\/uploads\/2016\/11\/paolo-e-noemi-d-amico-vineyard-umbria.jpg","type":"image\/jpeg"}],"author":"Milissa","twitter_card":"summary_large_image","twitter_misc":{"Scritto da":"Milissa","Tempo di lettura stimato":"3 minuti"},"schema":{"@context":"https:\/\/schema.org","@graph":[{"@type":"WebPage","@id":"https:\/\/gailmilissagrant.com\/it\/un-vigneto-concettuale\/","url":"https:\/\/gailmilissagrant.com\/it\/un-vigneto-concettuale\/","name":"A concept vineyard. Noemia e Paolo d\u2019Amico, wine makers","isPartOf":{"@id":"https:\/\/gailmilissagrant.com\/it\/#website"},"primaryImageOfPage":{"@id":"https:\/\/gailmilissagrant.com\/it\/un-vigneto-concettuale\/#primaryimage"},"image":{"@id":"https:\/\/gailmilissagrant.com\/it\/un-vigneto-concettuale\/#primaryimage"},"thumbnailUrl":"https:\/\/gailmilissagrant.com\/it\/wp-content\/uploads\/2016\/11\/paolo-e-noemi-d-amico-vineyard-umbria.jpg","datePublished":"2017-02-24T08:37:34+00:00","dateModified":"2021-11-10T11:05:24+00:00","author":{"@id":"https:\/\/gailmilissagrant.com\/it\/#\/schema\/person\/7fca2a8302639055f68468d94c8ac1ea"},"description":"A vineyard outside of Rome in Umbria, so special, so breathtaking, and filled with so much magic and poetry that it is hard to describe.","breadcrumb":{"@id":"https:\/\/gailmilissagrant.com\/it\/un-vigneto-concettuale\/#breadcrumb"},"inLanguage":"it-IT","potentialAction":[{"@type":"ReadAction","target":["https:\/\/gailmilissagrant.com\/it\/un-vigneto-concettuale\/"]}]},{"@type":"ImageObject","inLanguage":"it-IT","@id":"https:\/\/gailmilissagrant.com\/it\/un-vigneto-concettuale\/#primaryimage","url":"https:\/\/gailmilissagrant.com\/it\/wp-content\/uploads\/2016\/11\/paolo-e-noemi-d-amico-vineyard-umbria.jpg","contentUrl":"https:\/\/gailmilissagrant.com\/it\/wp-content\/uploads\/2016\/11\/paolo-e-noemi-d-amico-vineyard-umbria.jpg","width":900,"height":675,"caption":"a concept vineyard"},{"@type":"BreadcrumbList","@id":"https:\/\/gailmilissagrant.com\/it\/un-vigneto-concettuale\/#breadcrumb","itemListElement":[{"@type":"ListItem","position":1,"name":"Home","item":"https:\/\/gailmilissagrant.com\/it\/"},{"@type":"ListItem","position":2,"name":"Un vigneto concettuale"}]},{"@type":"WebSite","@id":"https:\/\/gailmilissagrant.com\/it\/#website","url":"https:\/\/gailmilissagrant.com\/it\/","name":"Gail Milissa Grant","description":"Author, speaker and blogger","potentialAction":[{"@type":"SearchAction","target":{"@type":"EntryPoint","urlTemplate":"https:\/\/gailmilissagrant.com\/it\/?s={search_term_string}"},"query-input":{"@type":"PropertyValueSpecification","valueRequired":true,"valueName":"search_term_string"}}],"inLanguage":"it-IT"},{"@type":"Person","@id":"https:\/\/gailmilissagrant.com\/it\/#\/schema\/person\/7fca2a8302639055f68468d94c8ac1ea","name":"Milissa","image":{"@type":"ImageObject","inLanguage":"it-IT","@id":"https:\/\/gailmilissagrant.com\/it\/#\/schema\/person\/image\/","url":"https:\/\/secure.gravatar.com\/avatar\/28775f02e7dde83bcc87b7f9e91df2bc3263c5919dccd1c1e1f6b81c3689617c?s=96&d=mm&r=g","contentUrl":"https:\/\/secure.gravatar.com\/avatar\/28775f02e7dde83bcc87b7f9e91df2bc3263c5919dccd1c1e1f6b81c3689617c?s=96&d=mm&r=g","caption":"Milissa"},"url":"https:\/\/gailmilissagrant.com\/it\/author\/milissa\/"}]}},"_links":{"self":[{"href":"https:\/\/gailmilissagrant.com\/it\/wp-json\/wp\/v2\/posts\/12443","targetHints":{"allow":["GET"]}}],"collection":[{"href":"https:\/\/gailmilissagrant.com\/it\/wp-json\/wp\/v2\/posts"}],"about":[{"href":"https:\/\/gailmilissagrant.com\/it\/wp-json\/wp\/v2\/types\/post"}],"author":[{"embeddable":true,"href":"https:\/\/gailmilissagrant.com\/it\/wp-json\/wp\/v2\/users\/2"}],"replies":[{"embeddable":true,"href":"https:\/\/gailmilissagrant.com\/it\/wp-json\/wp\/v2\/comments?post=12443"}],"version-history":[{"count":5,"href":"https:\/\/gailmilissagrant.com\/it\/wp-json\/wp\/v2\/posts\/12443\/revisions"}],"predecessor-version":[{"id":12610,"href":"https:\/\/gailmilissagrant.com\/it\/wp-json\/wp\/v2\/posts\/12443\/revisions\/12610"}],"wp:featuredmedia":[{"embeddable":true,"href":"https:\/\/gailmilissagrant.com\/it\/wp-json\/wp\/v2\/media\/12399"}],"wp:attachment":[{"href":"https:\/\/gailmilissagrant.com\/it\/wp-json\/wp\/v2\/media?parent=12443"}],"wp:term":[{"taxonomy":"category","embeddable":true,"href":"https:\/\/gailmilissagrant.com\/it\/wp-json\/wp\/v2\/categories?post=12443"},{"taxonomy":"post_tag","embeddable":true,"href":"https:\/\/gailmilissagrant.com\/it\/wp-json\/wp\/v2\/tags?post=12443"}],"curies":[{"name":"wp","href":"https:\/\/api.w.org\/{rel}","templated":true}]}}